{"id":2323,"date":"2015-01-21T16:52:19","date_gmt":"2015-01-21T15:52:19","guid":{"rendered":"http:\/\/www.lagorahotel.com\/2015\/01\/arranca-la-fiesta-2\/"},"modified":"2015-01-27T12:38:27","modified_gmt":"2015-01-27T11:38:27","slug":"arranca-la-fiesta","status":"publish","type":"post","link":"https:\/\/www.lagorahotel.com\/ca\/blog-ca\/arranca-la-fiesta\/","title":{"rendered":"Arranca la festa"},"content":{"rendered":"<p><img loading=\"lazy\" decoding=\"async\" class=\"aligncenter wp-image-2159 size-full\" src=\"http:\/\/www.lagorahotel.com\/wp-content\/uploads\/2015\/01\/bocairent000022.jpg\" alt=\"bocairent000022\" width=\"546\" height=\"367\" srcset=\"https:\/\/www.lagorahotel.com\/wp-content\/uploads\/2015\/01\/bocairent000022.jpg 546w, https:\/\/www.lagorahotel.com\/wp-content\/uploads\/2015\/01\/bocairent000022-300x202.jpg 300w\" sizes=\"auto, (max-width: 546px) 100vw, 546px\" \/><\/p>\n<p>A Bocairent, el mes de gener \u00e9s un no parar d&#8217;actes i preparatius per a\u00a0 les festes de Moros i Cristians que se celebraran del 6 al 10 de febrer en honor a Sant Blai. El diumenge passat se celebr\u00e0 l&#8217;acte de la Publicaci\u00f3 en el qual ix a la venda el Llibre-programa de Festes i tamb\u00e9 s&#8217;escoltaren els primers compassos musicals en una desfilada on van estar representades les nou <em>filaes.\u00a0<\/em><\/p>\n<p>Us deixem un enlla\u00e7 amb tot el \u00a0<a href=\"http:\/\/www.santblai.org\/images\/stories\/santblai\/pdf\/2015\/programa_de_ma_2015.pdf\">Programa d&#8217;actes<\/a><\/p>\n","protected":false},"excerpt":{"rendered":"<p>A Bocairent, el mes de gener \u00e9s un no parar d&#8217;actes i preparatius per a\u00a0 les festes de Moros i Cristians que se celebraran del 6 al 10 de febrer en honor a Sant Blai. El diumenge passat se celebr\u00e0 l&#8217;acte de la Publicaci\u00f3 en el qual ix a la venda el Llibre-programa de Festes i tamb\u00e9 s&#8217;escoltaren els primers compassos musicals en una desfilada on van estar representades les nou filaes.\u00a0 Us deixem un enlla\u00e7 amb tot el \u00a0Programa d&#8217;actes<\/p>\n","protected":false},"author":2,"featured_media":2166,"comment_status":"open","ping_status":"closed","sticky":false,"template":"","format":"standard","meta":{"footnotes":""},"categories":[130],"tags":[149],"class_list":["post-2323","post","type-post","status-publish","format-standard","has-post-thumbnail","hentry","category-blog-ca","tag-moros-i-cristians"],"_links":{"self":[{"href":"https:\/\/www.lagorahotel.com\/ca\/wp-json\/wp\/v2\/posts\/2323","targetHints":{"allow":["GET"]}}],"collection":[{"href":"https:\/\/www.lagorahotel.com\/ca\/wp-json\/wp\/v2\/posts"}],"about":[{"href":"https:\/\/www.lagorahotel.com\/ca\/wp-json\/wp\/v2\/types\/post"}],"author":[{"embeddable":true,"href":"https:\/\/www.lagorahotel.com\/ca\/wp-json\/wp\/v2\/users\/2"}],"replies":[{"embeddable":true,"href":"https:\/\/www.lagorahotel.com\/ca\/wp-json\/wp\/v2\/comments?post=2323"}],"version-history":[{"count":3,"href":"https:\/\/www.lagorahotel.com\/ca\/wp-json\/wp\/v2\/posts\/2323\/revisions"}],"predecessor-version":[{"id":2416,"href":"https:\/\/www.lagorahotel.com\/ca\/wp-json\/wp\/v2\/posts\/2323\/revisions\/2416"}],"wp:featuredmedia":[{"embeddable":true,"href":"https:\/\/www.lagorahotel.com\/ca\/wp-json\/wp\/v2\/media\/2166"}],"wp:attachment":[{"href":"https:\/\/www.lagorahotel.com\/ca\/wp-json\/wp\/v2\/media?parent=2323"}],"wp:term":[{"taxonomy":"category","embeddable":true,"href":"https:\/\/www.lagorahotel.com\/ca\/wp-json\/wp\/v2\/categories?post=2323"},{"taxonomy":"post_tag","embeddable":true,"href":"https:\/\/www.lagorahotel.com\/ca\/wp-json\/wp\/v2\/tags?post=2323"}],"curies":[{"name":"wp","href":"https:\/\/api.w.org\/{rel}","templated":true}]}}