{"id":2724,"date":"2015-06-22T12:00:50","date_gmt":"2015-06-22T10:00:50","guid":{"rendered":"http:\/\/www.lagorahotel.com\/?p=2724"},"modified":"2015-06-10T17:04:34","modified_gmt":"2015-06-10T15:04:34","slug":"concurs-de-fotografia-local","status":"publish","type":"post","link":"https:\/\/www.lagorahotel.com\/ca\/blog-ca\/concurs-de-fotografia-local\/","title":{"rendered":"Concurs de fotografia local"},"content":{"rendered":"<p><img loading=\"lazy\" decoding=\"async\" class=\"  wp-image-2719 alignleft\" src=\"http:\/\/www.lagorahotel.com\/wp-content\/uploads\/2015\/06\/BOC20131123CCongres_UNESCO-300x200.jpg\" alt=\"BOC20131123CCongres_UNESCO\" width=\"360\" height=\"240\" srcset=\"https:\/\/www.lagorahotel.com\/wp-content\/uploads\/2015\/06\/BOC20131123CCongres_UNESCO-300x200.jpg 300w, https:\/\/www.lagorahotel.com\/wp-content\/uploads\/2015\/06\/BOC20131123CCongres_UNESCO.jpg 1024w\" sizes=\"auto, (max-width: 360px) 100vw, 360px\" \/>Has estat per Bocairent ? Si \u00e9s aix\u00ed, segur que tens centenars de fotos en qu\u00e8 has volgut captar tots els racons i perspectives del Barri Antic, o de la Pla\u00e7a de Bous, o de les Covetes, o del campanar o de la Serra Mariola &#8230; Si \u00e9s aix\u00ed, est\u00e0 en marxa el concurs &#8220;Bocairent i el Seu Entorn&#8221; que convoca l&#8217;Ajuntament . Encara ets a temps d&#8217;enviar les teues instant\u00e0nies del nostre fotog\u00e8nic poble . Us deixem les <a href=\"http:\/\/www.bocairent.es\/sites\/bocairent.portalesmunicipales.es\/files\/foto-bocairent-2015_0.pdf\">bases<\/a>\u00a0del concurs.<\/p>\n","protected":false},"excerpt":{"rendered":"<p>Has estat per Bocairent ? Si \u00e9s aix\u00ed, segur que tens centenars de fotos en qu\u00e8 has volgut captar tots els racons i perspectives del Barri Antic, o de la Pla\u00e7a de Bous, o de les Covetes, o del campanar o de la Serra Mariola &#8230; Si \u00e9s aix\u00ed, est\u00e0 en marxa el concurs &#8220;Bocairent i el Seu Entorn&#8221; que convoca l&#8217;Ajuntament . Encara ets a temps d&#8217;enviar les teues instant\u00e0nies del nostre fotog\u00e8nic poble . Us deixem les bases\u00a0del concurs.<\/p>\n","protected":false},"author":2,"featured_media":2719,"comment_status":"open","ping_status":"closed","sticky":false,"template":"","format":"standard","meta":{"footnotes":""},"categories":[130],"tags":[99,131,96,132,65,213,136,138,210,209,192,211,97,147,98],"class_list":["post-2724","post","type-post","status-publish","format-standard","has-post-thumbnail","hentry","category-blog-ca","tag-alicante","tag-alicante-ca","tag-alojamientos-en-bocairent","tag-alojamientos-en-bocairent-ca","tag-bocairent","tag-concurs-de-fotografia","tag-fiestas-ca","tag-hotel-ca","tag-hotel-con-encanto","tag-lagora","tag-relax","tag-serra-mariola","tag-turismo-interior","tag-turismo-interior-ca","tag-valencia"],"_links":{"self":[{"href":"https:\/\/www.lagorahotel.com\/ca\/wp-json\/wp\/v2\/posts\/2724","targetHints":{"allow":["GET"]}}],"collection":[{"href":"https:\/\/www.lagorahotel.com\/ca\/wp-json\/wp\/v2\/posts"}],"about":[{"href":"https:\/\/www.lagorahotel.com\/ca\/wp-json\/wp\/v2\/types\/post"}],"author":[{"embeddable":true,"href":"https:\/\/www.lagorahotel.com\/ca\/wp-json\/wp\/v2\/users\/2"}],"replies":[{"embeddable":true,"href":"https:\/\/www.lagorahotel.com\/ca\/wp-json\/wp\/v2\/comments?post=2724"}],"version-history":[{"count":2,"href":"https:\/\/www.lagorahotel.com\/ca\/wp-json\/wp\/v2\/posts\/2724\/revisions"}],"predecessor-version":[{"id":2727,"href":"https:\/\/www.lagorahotel.com\/ca\/wp-json\/wp\/v2\/posts\/2724\/revisions\/2727"}],"wp:featuredmedia":[{"embeddable":true,"href":"https:\/\/www.lagorahotel.com\/ca\/wp-json\/wp\/v2\/media\/2719"}],"wp:attachment":[{"href":"https:\/\/www.lagorahotel.com\/ca\/wp-json\/wp\/v2\/media?parent=2724"}],"wp:term":[{"taxonomy":"category","embeddable":true,"href":"https:\/\/www.lagorahotel.com\/ca\/wp-json\/wp\/v2\/categories?post=2724"},{"taxonomy":"post_tag","embeddable":true,"href":"https:\/\/www.lagorahotel.com\/ca\/wp-json\/wp\/v2\/tags?post=2724"}],"curies":[{"name":"wp","href":"https:\/\/api.w.org\/{rel}","templated":true}]}}