{"id":2806,"date":"2015-09-18T08:35:55","date_gmt":"2015-09-18T06:35:55","guid":{"rendered":"http:\/\/www.lagorahotel.com\/?p=2806"},"modified":"2015-09-18T08:36:49","modified_gmt":"2015-09-18T06:36:49","slug":"bukayran-tenvolta-ruta-cultural-per-bocairent","status":"publish","type":"post","link":"https:\/\/www.lagorahotel.com\/ca\/blog-ca\/bukayran-tenvolta-ruta-cultural-per-bocairent\/","title":{"rendered":"Dia mundial del turisme. Ruta cultural per Bocairent"},"content":{"rendered":"<p>Diumenge que <img loading=\"lazy\" decoding=\"async\" class=\" size-medium wp-image-2813 alignleft\" src=\"http:\/\/www.lagorahotel.com\/wp-content\/uploads\/2015\/09\/dia_mundia_turisme_001-211x300.jpg\" alt=\"dia_mundia_turisme_001\" width=\"211\" height=\"300\" srcset=\"https:\/\/www.lagorahotel.com\/wp-content\/uploads\/2015\/09\/dia_mundia_turisme_001-211x300.jpg 211w, https:\/\/www.lagorahotel.com\/wp-content\/uploads\/2015\/09\/dia_mundia_turisme_001.jpg 541w\" sizes=\"auto, (max-width: 211px) 100vw, 211px\" \/>ve seguint amb el programa de rutes programades &#8220;Bukayran t&#8217;envolta\u201d i celebrant el dia mundial del turisme, s&#8217;ofereix una ruta cultural gratu\u00efta pel poble durant la qual ser\u00e0 possible realitzar fotografies de l&#8217;entorn. Entre totes les fotografies presentades, \u00a0s&#8217;escollir\u00e0 un guanyador\/a que gaudir\u00e0 d&#8217;una magn\u00edfica nit al nostre hotel.<\/p>\n<p>Si t&#8217;agrada el m\u00f3n de la fotografia, Bocairent segur que t&#8217;ofereix mil enquadraments i instant\u00e0nies que podr\u00e0s immortalitzar. Tens de temps fins el dissabte 19 de setembre. Et pots apuntar al tel\u00e8fon: 962905062 \u00a0o al mail: bocairent@touristinfo.net.<\/p>\n<p>T&#8217;esperem!<\/p>\n","protected":false},"excerpt":{"rendered":"<p>Diumenge que ve seguint amb el programa de rutes programades &#8220;Bukayran t&#8217;envolta\u201d i celebrant el dia mundial del turisme, s&#8217;ofereix una ruta cultural gratu\u00efta pel poble durant la qual ser\u00e0 possible realitzar fotografies de l&#8217;entorn. Entre totes les fotografies presentades, \u00a0s&#8217;escollir\u00e0 un guanyador\/a que gaudir\u00e0 d&#8217;una magn\u00edfica nit al nostre hotel. Si t&#8217;agrada el m\u00f3n de la fotografia, Bocairent segur que t&#8217;ofereix mil enquadraments i instant\u00e0nies que podr\u00e0s immortalitzar. Tens de temps fins el dissabte 19 de setembre. Et pots apuntar al tel\u00e8fon: 962905062 \u00a0o al mail: bocairent@touristinfo.net. T&#8217;esperem!<\/p>\n","protected":false},"author":2,"featured_media":2807,"comment_status":"open","ping_status":"closed","sticky":false,"template":"","format":"standard","meta":{"footnotes":""},"categories":[130],"tags":[131,132,138,142,147,148],"class_list":["post-2806","post","type-post","status-publish","format-standard","has-post-thumbnail","hentry","category-blog-ca","tag-alicante-ca","tag-alojamientos-en-bocairent-ca","tag-hotel-ca","tag-moros-y-cristianos-ca","tag-turismo-interior-ca","tag-valencia-ca"],"_links":{"self":[{"href":"https:\/\/www.lagorahotel.com\/ca\/wp-json\/wp\/v2\/posts\/2806","targetHints":{"allow":["GET"]}}],"collection":[{"href":"https:\/\/www.lagorahotel.com\/ca\/wp-json\/wp\/v2\/posts"}],"about":[{"href":"https:\/\/www.lagorahotel.com\/ca\/wp-json\/wp\/v2\/types\/post"}],"author":[{"embeddable":true,"href":"https:\/\/www.lagorahotel.com\/ca\/wp-json\/wp\/v2\/users\/2"}],"replies":[{"embeddable":true,"href":"https:\/\/www.lagorahotel.com\/ca\/wp-json\/wp\/v2\/comments?post=2806"}],"version-history":[{"count":3,"href":"https:\/\/www.lagorahotel.com\/ca\/wp-json\/wp\/v2\/posts\/2806\/revisions"}],"predecessor-version":[{"id":2819,"href":"https:\/\/www.lagorahotel.com\/ca\/wp-json\/wp\/v2\/posts\/2806\/revisions\/2819"}],"wp:featuredmedia":[{"embeddable":true,"href":"https:\/\/www.lagorahotel.com\/ca\/wp-json\/wp\/v2\/media\/2807"}],"wp:attachment":[{"href":"https:\/\/www.lagorahotel.com\/ca\/wp-json\/wp\/v2\/media?parent=2806"}],"wp:term":[{"taxonomy":"category","embeddable":true,"href":"https:\/\/www.lagorahotel.com\/ca\/wp-json\/wp\/v2\/categories?post=2806"},{"taxonomy":"post_tag","embeddable":true,"href":"https:\/\/www.lagorahotel.com\/ca\/wp-json\/wp\/v2\/tags?post=2806"}],"curies":[{"name":"wp","href":"https:\/\/api.w.org\/{rel}","templated":true}]}}