{"id":2842,"date":"2015-10-14T17:42:28","date_gmt":"2015-10-14T15:42:28","guid":{"rendered":"http:\/\/www.lagorahotel.com\/?p=2842"},"modified":"2015-10-14T17:42:28","modified_gmt":"2015-10-14T15:42:28","slug":"x-fira-de-comerc-de-bocairent","status":"publish","type":"post","link":"https:\/\/www.lagorahotel.com\/ca\/blog-ca\/x-fira-de-comerc-de-bocairent\/","title":{"rendered":"X Fira de Comer\u00e7 de Bocairent"},"content":{"rendered":"<p>Aquest cap de setman<img loading=\"lazy\" decoding=\"async\" class=\" size-medium wp-image-2837 alignleft\" src=\"http:\/\/www.lagorahotel.com\/wp-content\/uploads\/2015\/10\/CARTELL-PUBLIS-FIRA-BOCAIRENT-200x300.jpg\" alt=\"CARTELL PUBLIS FIRA BOCAIRENT\" width=\"200\" height=\"300\" srcset=\"https:\/\/www.lagorahotel.com\/wp-content\/uploads\/2015\/10\/CARTELL-PUBLIS-FIRA-BOCAIRENT-200x300.jpg 200w, https:\/\/www.lagorahotel.com\/wp-content\/uploads\/2015\/10\/CARTELL-PUBLIS-FIRA-BOCAIRENT-683x1024.jpg 683w\" sizes=\"auto, (max-width: 200px) 100vw, 200px\" \/>a Bocairent celebra la X Fira del Comer\u00e7 pels carrers del nucli antic. Al llarg del recinte es podran veure exposicions, visitar estands d&#8217;empreses locals i associacions, degustar la gastronomia local o passejar pel mercat medieval. Diumenge al mat\u00ed arribar\u00e0 el punt \u00e0lgid de la fira amb l&#8217;actuaci\u00f3 de &#8220;Els Cabolos &#8221; i els seus balls; a m\u00e9s de la desfilada de moros i cristians amb els xiquets abillats amb els vestits de cada comparsa. Durant tot el cap de setmana els museus i atraccions tur\u00edstiques, com Les Covetes dels Moros o la pla\u00e7a de bous, tamb\u00e9 estaran oberts. Estes nom\u00e9s s\u00f3n algunes de les coses que podr\u00e0s fer i gaudir els dies 17 i 18 pels carrers de Bocairent, et quedar\u00e0s a casa?<\/p>\n","protected":false},"excerpt":{"rendered":"<p>Aquest cap de setmana Bocairent celebra la X Fira del Comer\u00e7 pels carrers del nucli antic. Al llarg del recinte es podran veure exposicions, visitar estands d&#8217;empreses locals i associacions, degustar la gastronomia local o passejar pel mercat medieval. Diumenge al mat\u00ed arribar\u00e0 el punt \u00e0lgid de la fira amb l&#8217;actuaci\u00f3 de &#8220;Els Cabolos &#8221; i els seus balls; a m\u00e9s de la desfilada de moros i cristians amb els xiquets abillats amb els vestits de cada comparsa. Durant tot el cap de setmana els museus i atraccions tur\u00edstiques, com Les Covetes dels Moros o la pla\u00e7a de bous, tamb\u00e9 estaran oberts. Estes nom\u00e9s s\u00f3n algunes de les coses que podr\u00e0s fer i gaudir els dies 17 i 18 pels carrers de Bocairent, et quedar\u00e0s a casa?<\/p>\n","protected":false},"author":2,"featured_media":2837,"comment_status":"open","ping_status":"closed","sticky":false,"template":"","format":"standard","meta":{"footnotes":""},"categories":[130],"tags":[131,132,134,136,138,140,141,142,147],"class_list":["post-2842","post","type-post","status-publish","format-standard","has-post-thumbnail","hentry","category-blog-ca","tag-alicante-ca","tag-alojamientos-en-bocairent-ca","tag-comparsa-ca","tag-fiestas-ca","tag-hotel-ca","tag-marxa-cristiana-ca","tag-marxa-mora-ca","tag-moros-y-cristianos-ca","tag-turismo-interior-ca"],"_links":{"self":[{"href":"https:\/\/www.lagorahotel.com\/ca\/wp-json\/wp\/v2\/posts\/2842","targetHints":{"allow":["GET"]}}],"collection":[{"href":"https:\/\/www.lagorahotel.com\/ca\/wp-json\/wp\/v2\/posts"}],"about":[{"href":"https:\/\/www.lagorahotel.com\/ca\/wp-json\/wp\/v2\/types\/post"}],"author":[{"embeddable":true,"href":"https:\/\/www.lagorahotel.com\/ca\/wp-json\/wp\/v2\/users\/2"}],"replies":[{"embeddable":true,"href":"https:\/\/www.lagorahotel.com\/ca\/wp-json\/wp\/v2\/comments?post=2842"}],"version-history":[{"count":1,"href":"https:\/\/www.lagorahotel.com\/ca\/wp-json\/wp\/v2\/posts\/2842\/revisions"}],"predecessor-version":[{"id":2843,"href":"https:\/\/www.lagorahotel.com\/ca\/wp-json\/wp\/v2\/posts\/2842\/revisions\/2843"}],"wp:featuredmedia":[{"embeddable":true,"href":"https:\/\/www.lagorahotel.com\/ca\/wp-json\/wp\/v2\/media\/2837"}],"wp:attachment":[{"href":"https:\/\/www.lagorahotel.com\/ca\/wp-json\/wp\/v2\/media?parent=2842"}],"wp:term":[{"taxonomy":"category","embeddable":true,"href":"https:\/\/www.lagorahotel.com\/ca\/wp-json\/wp\/v2\/categories?post=2842"},{"taxonomy":"post_tag","embeddable":true,"href":"https:\/\/www.lagorahotel.com\/ca\/wp-json\/wp\/v2\/tags?post=2842"}],"curies":[{"name":"wp","href":"https:\/\/api.w.org\/{rel}","templated":true}]}}