{"id":2913,"date":"2016-04-15T18:25:47","date_gmt":"2016-04-15T16:25:47","guid":{"rendered":"http:\/\/www.lagorahotel.com\/?p=2913"},"modified":"2016-04-15T18:25:47","modified_gmt":"2016-04-15T16:25:47","slug":"inauguracio-de-lexposicio-del-lleo-iberic","status":"publish","type":"post","link":"https:\/\/www.lagorahotel.com\/ca\/blog-ca\/inauguracio-de-lexposicio-del-lleo-iberic\/","title":{"rendered":"inauguraci\u00f3 de l&#8217;exposici\u00f3 del Lle\u00f3 Ib\u00e8ric"},"content":{"rendered":"<p>Aquesta vesprada a les 20h s&#8217;inaugurar\u00e0 l&#8217;exposici\u00f3 del Lle\u00f3 Ib\u00e8ric que es va trobar a la Serra de Mariola i que torna a Bocairent despr\u00e9s de molt de temps. Es podr\u00e0 visitar durant els propers mesos d&#8217;estiu. Us deixem el v\u00eddeo amb l&#8217;explicaci\u00f3 del descobriment.<\/p>\n<p><iframe loading=\"lazy\" title=\"EL LLE\u00d3 DE BOCAIRENT\" width=\"1161\" height=\"653\" src=\"https:\/\/www.youtube.com\/embed\/WFtXylQ3pdE?feature=oembed\" frameborder=\"0\" allow=\"accelerometer; autoplay; encrypted-media; gyroscope; picture-in-picture\" allowfullscreen><\/iframe><\/p>\n","protected":false},"excerpt":{"rendered":"<p>Aquesta vesprada a les 20h s&#8217;inaugurar\u00e0 l&#8217;exposici\u00f3 del Lle\u00f3 Ib\u00e8ric que es va trobar a la Serra de Mariola i que torna a Bocairent despr\u00e9s de molt de temps. Es podr\u00e0 visitar durant els propers mesos d&#8217;estiu. Us deixem el v\u00eddeo amb l&#8217;explicaci\u00f3 del descobriment.<\/p>\n","protected":false},"author":2,"featured_media":2908,"comment_status":"open","ping_status":"closed","sticky":false,"template":"","format":"standard","meta":{"footnotes":""},"categories":[130],"tags":[131,132,136,137,138,142],"class_list":["post-2913","post","type-post","status-publish","format-standard","has-post-thumbnail","hentry","category-blog-ca","tag-alicante-ca","tag-alojamientos-en-bocairent-ca","tag-fiestas-ca","tag-filaes-ca","tag-hotel-ca","tag-moros-y-cristianos-ca"],"_links":{"self":[{"href":"https:\/\/www.lagorahotel.com\/ca\/wp-json\/wp\/v2\/posts\/2913","targetHints":{"allow":["GET"]}}],"collection":[{"href":"https:\/\/www.lagorahotel.com\/ca\/wp-json\/wp\/v2\/posts"}],"about":[{"href":"https:\/\/www.lagorahotel.com\/ca\/wp-json\/wp\/v2\/types\/post"}],"author":[{"embeddable":true,"href":"https:\/\/www.lagorahotel.com\/ca\/wp-json\/wp\/v2\/users\/2"}],"replies":[{"embeddable":true,"href":"https:\/\/www.lagorahotel.com\/ca\/wp-json\/wp\/v2\/comments?post=2913"}],"version-history":[{"count":1,"href":"https:\/\/www.lagorahotel.com\/ca\/wp-json\/wp\/v2\/posts\/2913\/revisions"}],"predecessor-version":[{"id":2914,"href":"https:\/\/www.lagorahotel.com\/ca\/wp-json\/wp\/v2\/posts\/2913\/revisions\/2914"}],"wp:featuredmedia":[{"embeddable":true,"href":"https:\/\/www.lagorahotel.com\/ca\/wp-json\/wp\/v2\/media\/2908"}],"wp:attachment":[{"href":"https:\/\/www.lagorahotel.com\/ca\/wp-json\/wp\/v2\/media?parent=2913"}],"wp:term":[{"taxonomy":"category","embeddable":true,"href":"https:\/\/www.lagorahotel.com\/ca\/wp-json\/wp\/v2\/categories?post=2913"},{"taxonomy":"post_tag","embeddable":true,"href":"https:\/\/www.lagorahotel.com\/ca\/wp-json\/wp\/v2\/tags?post=2913"}],"curies":[{"name":"wp","href":"https:\/\/api.w.org\/{rel}","templated":true}]}}